{"id":1591,"date":"2021-08-04T14:42:46","date_gmt":"2021-08-04T17:42:46","guid":{"rendered":"https:\/\/viviancarvalho.com.br\/?p=1591"},"modified":"2022-06-28T18:10:10","modified_gmt":"2022-06-28T21:10:10","slug":"toda-carie-provoca-dor-mito-x-verdade","status":"publish","type":"post","link":"https:\/\/viviancarvalho.com.br\/en\/toda-carie-provoca-dor-mito-x-verdade\/","title":{"rendered":"Toda c\u00e1rie provoca dor: Mito X Verdade"},"content":{"rendered":"<div class=\"fusion-fullwidth fullwidth-box fusion-builder-row-1 nonhundred-percent-fullwidth non-hundred-percent-height-scrolling fusion-equal-height-columns\" style=\"background-color: rgba(255,255,255,0);background-position: center center;background-repeat: no-repeat;padding-top:0px;padding-right:0px;padding-bottom:0px;padding-left:0px;margin-bottom: 75px;margin-top: 75px;border-width: 0px 0px 0px 0px;border-color:#eae9e9;border-style:solid;\" ><div class=\"fusion-builder-row fusion-row\"><div class=\"fusion-layout-column fusion_builder_column fusion-builder-column-0 fusion_builder_column_1_2 1_2 fusion-one-half fusion-column-first\" style=\"width:50%;width:calc(50% - ( ( 4% ) * 0.5 ) );margin-right: 4%;margin-top:0px;margin-bottom:20px;\"><div class=\"fusion-column-wrapper fusion-flex-column-wrapper-legacy\" style=\"background-position:left top;background-repeat:no-repeat;-webkit-background-size:cover;-moz-background-size:cover;-o-background-size:cover;background-size:cover;padding: 0px 0px 0px 0px;\"><div class=\"fusion-text fusion-text-1\" style=\"text-align:left;transform:translate3d(0,0,0);\"><h1 class=\"Corpo\">Toda c\u00e1rie provoca dor: Mito X Verdade<\/h1>\n<p>Mito! \ud83d\udc4e\ud83e\uddb7<\/p>\n<p>H\u00e1bitos alimentares, higiene oral inadequada e hereditariedade s\u00e3o alguns dos fatores que aumentam a incid\u00eancia do problema.<\/p>\n<p>A c\u00e1rie \u00e9 uma les\u00e3o do esmalte que reveste e protege sua estrutura. Mas nem sempre causa dor.<\/p>\n<p>Portanto, quando n\u00e3o tratada por um bom tempo, ela pode ir se intensificando at\u00e9 provocar uma dor bastante inc\u00f4moda e ter tratamento muito mais complexo e oneroso.<\/p>\n<\/div><div class=\"fusion-clearfix\"><\/div><\/div><\/div><div class=\"fusion-layout-column fusion_builder_column fusion-builder-column-1 fusion_builder_column_1_2 1_2 fusion-one-half fusion-column-last\" style=\"width:50%;width:calc(50% - ( ( 4% ) * 0.5 ) );margin-top:0px;margin-bottom:20px;\"><div class=\"fusion-column-wrapper fusion-flex-column-wrapper-legacy\" style=\"background-position:left top;background-repeat:no-repeat;-webkit-background-size:cover;-moz-background-size:cover;-o-background-size:cover;background-size:cover;padding: 0px 0px 0px 0px;\"><div class=\"fusion-sep-clear\"><\/div><div class=\"fusion-separator fusion-full-width-sep\" style=\"margin-left: auto;margin-right: auto;margin-top:25px;margin-bottom:25px;width:100%;\"><\/div><div class=\"fusion-sep-clear\"><\/div><div class=\"imageframe-align-center\"><span class=\"fusion-imageframe imageframe-none imageframe-1 hover-type-none\"><img width=\"1024\" height=\"1024\" src=\"https:\/\/viviancarvalho.com.br\/wp-content\/uploads\/2021\/08\/Toda-carie-provoca-dor-Mito-X-Verdade.jpg\" class=\"img-responsive wp-image-1592\" srcset=\"https:\/\/viviancarvalho.com.br\/wp-content\/uploads\/2021\/08\/Toda-carie-provoca-dor-Mito-X-Verdade-200x200.jpg 200w, https:\/\/viviancarvalho.com.br\/wp-content\/uploads\/2021\/08\/Toda-carie-provoca-dor-Mito-X-Verdade-400x400.jpg 400w, https:\/\/viviancarvalho.com.br\/wp-content\/uploads\/2021\/08\/Toda-carie-provoca-dor-Mito-X-Verdade-600x600.jpg 600w, https:\/\/viviancarvalho.com.br\/wp-content\/uploads\/2021\/08\/Toda-carie-provoca-dor-Mito-X-Verdade-800x800.jpg 800w, https:\/\/viviancarvalho.com.br\/wp-content\/uploads\/2021\/08\/Toda-carie-provoca-dor-Mito-X-Verdade.jpg 1024w\" sizes=\"(max-width: 800px) 100vw, 600px\" \/><\/span><\/div><div class=\"fusion-clearfix\"><\/div><\/div><\/div><\/div><\/div>","protected":false},"excerpt":{"rendered":"<p>Lorem ipsum dolor sit amet, consectetur adipiscing elit. Cras eget mollis leo. In ultricies sit amet justo ac tincidunt. Integer volutpat enim non velit pellentesque, a placerat dolor ullamcorper. Phasellus ac dolor velit. Nam molestie turpis sit amet diam lobortis sagittis. Etiam non orci quis dolor cons.<\/p>","protected":false},"author":1,"featured_media":1592,"comment_status":"open","ping_status":"open","sticky":false,"template":"","format":"standard","meta":[],"categories":[2],"tags":[],"yoast_head":"<!-- This site is optimized with the Yoast SEO plugin v19.6.1 - https:\/\/yoast.com\/wordpress\/plugins\/seo\/ -->\n<title>Toda c\u00e1rie provoca dor: Mito X Verdade - Vivian Carvalho<\/title>\n<meta name=\"description\" content=\"Mito! \ud83d\udc4e\ud83e\uddb7H\u00e1bitos alimentares, higiene oral inadequada e hereditariedade s\u00e3o alguns dos fatores que aumentam a incid\u00eancia do problema.\" \/>\n<meta name=\"robots\" content=\"index, follow, max-snippet:-1, max-image-preview:large, max-video-preview:-1\" \/>\n<link rel=\"canonical\" href=\"https:\/\/viviancarvalho.com.br\/en\/toda-carie-provoca-dor-mito-x-verdade\/\" \/>\n<meta property=\"og:locale\" content=\"en_GB\" \/>\n<meta property=\"og:type\" content=\"article\" \/>\n<meta property=\"og:title\" content=\"Toda c\u00e1rie provoca dor: Mito X Verdade - Vivian Carvalho\" \/>\n<meta property=\"og:description\" content=\"Mito! \ud83d\udc4e\ud83e\uddb7H\u00e1bitos alimentares, higiene oral inadequada e hereditariedade s\u00e3o alguns dos fatores que aumentam a incid\u00eancia do problema.\" \/>\n<meta property=\"og:url\" content=\"https:\/\/viviancarvalho.com.br\/en\/toda-carie-provoca-dor-mito-x-verdade\/\" \/>\n<meta property=\"og:site_name\" content=\"Vivian Carvalho\" \/>\n<meta property=\"article:publisher\" content=\"https:\/\/www.facebook.com\/viviancarvalhoorto\" \/>\n<meta property=\"article:published_time\" content=\"2021-08-04T17:42:46+00:00\" \/>\n<meta property=\"article:modified_time\" content=\"2022-06-28T21:10:10+00:00\" \/>\n<meta property=\"og:image\" content=\"https:\/\/viviancarvalho.com.br\/wp-content\/uploads\/2021\/08\/Toda-carie-provoca-dor-Mito-X-Verdade.jpg\" \/>\n\t<meta property=\"og:image:width\" content=\"1024\" \/>\n\t<meta property=\"og:image:height\" content=\"1024\" \/>\n\t<meta property=\"og:image:type\" content=\"image\/jpeg\" \/>\n<meta name=\"author\" content=\"admin\" \/>\n<meta name=\"twitter:card\" content=\"summary_large_image\" \/>\n<meta name=\"twitter:label1\" content=\"Written by\" \/>\n\t<meta name=\"twitter:data1\" content=\"admin\" \/>\n\t<meta name=\"twitter:label2\" content=\"Estimated reading time\" \/>\n\t<meta name=\"twitter:data2\" content=\"3 minutes\" \/>\n<script type=\"application\/ld+json\" class=\"yoast-schema-graph\">{\"@context\":\"https:\/\/schema.org\",\"@graph\":[{\"@type\":\"Article\",\"@id\":\"https:\/\/viviancarvalho.com.br\/toda-carie-provoca-dor-mito-x-verdade\/#article\",\"isPartOf\":{\"@id\":\"https:\/\/viviancarvalho.com.br\/toda-carie-provoca-dor-mito-x-verdade\/\"},\"author\":{\"name\":\"admin\",\"@id\":\"https:\/\/viviancarvalho.com.br\/#\/schema\/person\/67fd03fba0ae82ff4d8af2bf709d4eba\"},\"headline\":\"Toda c\u00e1rie provoca dor: Mito X Verdade\",\"datePublished\":\"2021-08-04T17:42:46+00:00\",\"dateModified\":\"2022-06-28T21:10:10+00:00\",\"mainEntityOfPage\":{\"@id\":\"https:\/\/viviancarvalho.com.br\/toda-carie-provoca-dor-mito-x-verdade\/\"},\"wordCount\":650,\"commentCount\":0,\"publisher\":{\"@id\":\"https:\/\/viviancarvalho.com.br\/#organization\"},\"articleSection\":[\"Dental\"],\"inLanguage\":\"en-GB\",\"potentialAction\":[{\"@type\":\"CommentAction\",\"name\":\"Comment\",\"target\":[\"https:\/\/viviancarvalho.com.br\/toda-carie-provoca-dor-mito-x-verdade\/#respond\"]}]},{\"@type\":\"WebPage\",\"@id\":\"https:\/\/viviancarvalho.com.br\/toda-carie-provoca-dor-mito-x-verdade\/\",\"url\":\"https:\/\/viviancarvalho.com.br\/toda-carie-provoca-dor-mito-x-verdade\/\",\"name\":\"Toda c\u00e1rie provoca dor: Mito X Verdade - Vivian Carvalho\",\"isPartOf\":{\"@id\":\"https:\/\/viviancarvalho.com.br\/#website\"},\"datePublished\":\"2021-08-04T17:42:46+00:00\",\"dateModified\":\"2022-06-28T21:10:10+00:00\",\"description\":\"Mito! \ud83d\udc4e\ud83e\uddb7H\u00e1bitos alimentares, higiene oral inadequada e hereditariedade s\u00e3o alguns dos fatores que aumentam a incid\u00eancia do problema.\",\"breadcrumb\":{\"@id\":\"https:\/\/viviancarvalho.com.br\/toda-carie-provoca-dor-mito-x-verdade\/#breadcrumb\"},\"inLanguage\":\"en-GB\",\"potentialAction\":[{\"@type\":\"ReadAction\",\"target\":[\"https:\/\/viviancarvalho.com.br\/toda-carie-provoca-dor-mito-x-verdade\/\"]}]},{\"@type\":\"BreadcrumbList\",\"@id\":\"https:\/\/viviancarvalho.com.br\/toda-carie-provoca-dor-mito-x-verdade\/#breadcrumb\",\"itemListElement\":[{\"@type\":\"ListItem\",\"position\":1,\"name\":\"In\u00edcio\",\"item\":\"https:\/\/viviancarvalho.com.br\/\"},{\"@type\":\"ListItem\",\"position\":2,\"name\":\"Toda c\u00e1rie provoca dor: Mito X Verdade\"}]},{\"@type\":\"WebSite\",\"@id\":\"https:\/\/viviancarvalho.com.br\/#website\",\"url\":\"https:\/\/viviancarvalho.com.br\/\",\"name\":\"Vivian Carvalho\",\"description\":\"Odontopediatria e Ortodontia\",\"publisher\":{\"@id\":\"https:\/\/viviancarvalho.com.br\/#organization\"},\"potentialAction\":[{\"@type\":\"SearchAction\",\"target\":{\"@type\":\"EntryPoint\",\"urlTemplate\":\"https:\/\/viviancarvalho.com.br\/?s={search_term_string}\"},\"query-input\":\"required name=search_term_string\"}],\"inLanguage\":\"en-GB\"},{\"@type\":\"Organization\",\"@id\":\"https:\/\/viviancarvalho.com.br\/#organization\",\"name\":\"Vivian Carvalho\",\"url\":\"https:\/\/viviancarvalho.com.br\/\",\"sameAs\":[\"https:\/\/instagram.com\/viviancarvalhoorto\/\",\"https:\/\/www.facebook.com\/viviancarvalhoorto\"],\"logo\":{\"@type\":\"ImageObject\",\"inLanguage\":\"en-GB\",\"@id\":\"https:\/\/viviancarvalho.com.br\/#\/schema\/logo\/image\/\",\"url\":\"https:\/\/viviancarvalho.com.br\/wp-content\/uploads\/2019\/09\/logo-vivi.jpg\",\"contentUrl\":\"https:\/\/viviancarvalho.com.br\/wp-content\/uploads\/2019\/09\/logo-vivi.jpg\",\"width\":350,\"height\":207,\"caption\":\"Vivian Carvalho\"},\"image\":{\"@id\":\"https:\/\/viviancarvalho.com.br\/#\/schema\/logo\/image\/\"}},{\"@type\":\"Person\",\"@id\":\"https:\/\/viviancarvalho.com.br\/#\/schema\/person\/67fd03fba0ae82ff4d8af2bf709d4eba\",\"name\":\"admin\",\"image\":{\"@type\":\"ImageObject\",\"inLanguage\":\"en-GB\",\"@id\":\"https:\/\/viviancarvalho.com.br\/#\/schema\/person\/image\/\",\"url\":\"https:\/\/secure.gravatar.com\/avatar\/dc5da615dac36869d31ab7d2d876445b?s=96&d=mm&r=g\",\"contentUrl\":\"https:\/\/secure.gravatar.com\/avatar\/dc5da615dac36869d31ab7d2d876445b?s=96&d=mm&r=g\",\"caption\":\"admin\"}}]}<\/script>\n<!-- \/ Yoast SEO plugin. -->","yoast_head_json":{"title":"Toda c\u00e1rie provoca dor: Mito X Verdade - Vivian Carvalho","description":"Mito! \ud83d\udc4e\ud83e\uddb7H\u00e1bitos alimentares, higiene oral inadequada e hereditariedade s\u00e3o alguns dos fatores que aumentam a incid\u00eancia do problema.","robots":{"index":"index","follow":"follow","max-snippet":"max-snippet:-1","max-image-preview":"max-image-preview:large","max-video-preview":"max-video-preview:-1"},"canonical":"https:\/\/viviancarvalho.com.br\/en\/toda-carie-provoca-dor-mito-x-verdade\/","og_locale":"en_GB","og_type":"article","og_title":"Toda c\u00e1rie provoca dor: Mito X Verdade - Vivian Carvalho","og_description":"Mito! \ud83d\udc4e\ud83e\uddb7H\u00e1bitos alimentares, higiene oral inadequada e hereditariedade s\u00e3o alguns dos fatores que aumentam a incid\u00eancia do problema.","og_url":"https:\/\/viviancarvalho.com.br\/en\/toda-carie-provoca-dor-mito-x-verdade\/","og_site_name":"Vivian Carvalho","article_publisher":"https:\/\/www.facebook.com\/viviancarvalhoorto","article_published_time":"2021-08-04T17:42:46+00:00","article_modified_time":"2022-06-28T21:10:10+00:00","og_image":[{"width":1024,"height":1024,"url":"https:\/\/viviancarvalho.com.br\/wp-content\/uploads\/2021\/08\/Toda-carie-provoca-dor-Mito-X-Verdade.jpg","type":"image\/jpeg"}],"author":"admin","twitter_card":"summary_large_image","twitter_misc":{"Written by":"admin","Estimated reading time":"3 minutes"},"schema":{"@context":"https:\/\/schema.org","@graph":[{"@type":"Article","@id":"https:\/\/viviancarvalho.com.br\/toda-carie-provoca-dor-mito-x-verdade\/#article","isPartOf":{"@id":"https:\/\/viviancarvalho.com.br\/toda-carie-provoca-dor-mito-x-verdade\/"},"author":{"name":"admin","@id":"https:\/\/viviancarvalho.com.br\/#\/schema\/person\/67fd03fba0ae82ff4d8af2bf709d4eba"},"headline":"Toda c\u00e1rie provoca dor: Mito X Verdade","datePublished":"2021-08-04T17:42:46+00:00","dateModified":"2022-06-28T21:10:10+00:00","mainEntityOfPage":{"@id":"https:\/\/viviancarvalho.com.br\/toda-carie-provoca-dor-mito-x-verdade\/"},"wordCount":650,"commentCount":0,"publisher":{"@id":"https:\/\/viviancarvalho.com.br\/#organization"},"articleSection":["Dental"],"inLanguage":"en-GB","potentialAction":[{"@type":"CommentAction","name":"Comment","target":["https:\/\/viviancarvalho.com.br\/toda-carie-provoca-dor-mito-x-verdade\/#respond"]}]},{"@type":"WebPage","@id":"https:\/\/viviancarvalho.com.br\/toda-carie-provoca-dor-mito-x-verdade\/","url":"https:\/\/viviancarvalho.com.br\/toda-carie-provoca-dor-mito-x-verdade\/","name":"Toda c\u00e1rie provoca dor: Mito X Verdade - Vivian Carvalho","isPartOf":{"@id":"https:\/\/viviancarvalho.com.br\/#website"},"datePublished":"2021-08-04T17:42:46+00:00","dateModified":"2022-06-28T21:10:10+00:00","description":"Mito! \ud83d\udc4e\ud83e\uddb7H\u00e1bitos alimentares, higiene oral inadequada e hereditariedade s\u00e3o alguns dos fatores que aumentam a incid\u00eancia do problema.","breadcrumb":{"@id":"https:\/\/viviancarvalho.com.br\/toda-carie-provoca-dor-mito-x-verdade\/#breadcrumb"},"inLanguage":"en-GB","potentialAction":[{"@type":"ReadAction","target":["https:\/\/viviancarvalho.com.br\/toda-carie-provoca-dor-mito-x-verdade\/"]}]},{"@type":"BreadcrumbList","@id":"https:\/\/viviancarvalho.com.br\/toda-carie-provoca-dor-mito-x-verdade\/#breadcrumb","itemListElement":[{"@type":"ListItem","position":1,"name":"In\u00edcio","item":"https:\/\/viviancarvalho.com.br\/"},{"@type":"ListItem","position":2,"name":"Toda c\u00e1rie provoca dor: Mito X Verdade"}]},{"@type":"WebSite","@id":"https:\/\/viviancarvalho.com.br\/#website","url":"https:\/\/viviancarvalho.com.br\/","name":"Vivian Carvalho","description":"Odontopediatria e Ortodontia","publisher":{"@id":"https:\/\/viviancarvalho.com.br\/#organization"},"potentialAction":[{"@type":"SearchAction","target":{"@type":"EntryPoint","urlTemplate":"https:\/\/viviancarvalho.com.br\/?s={search_term_string}"},"query-input":"required name=search_term_string"}],"inLanguage":"en-GB"},{"@type":"Organization","@id":"https:\/\/viviancarvalho.com.br\/#organization","name":"Vivian Carvalho","url":"https:\/\/viviancarvalho.com.br\/","sameAs":["https:\/\/instagram.com\/viviancarvalhoorto\/","https:\/\/www.facebook.com\/viviancarvalhoorto"],"logo":{"@type":"ImageObject","inLanguage":"en-GB","@id":"https:\/\/viviancarvalho.com.br\/#\/schema\/logo\/image\/","url":"https:\/\/viviancarvalho.com.br\/wp-content\/uploads\/2019\/09\/logo-vivi.jpg","contentUrl":"https:\/\/viviancarvalho.com.br\/wp-content\/uploads\/2019\/09\/logo-vivi.jpg","width":350,"height":207,"caption":"Vivian Carvalho"},"image":{"@id":"https:\/\/viviancarvalho.com.br\/#\/schema\/logo\/image\/"}},{"@type":"Person","@id":"https:\/\/viviancarvalho.com.br\/#\/schema\/person\/67fd03fba0ae82ff4d8af2bf709d4eba","name":"admin","image":{"@type":"ImageObject","inLanguage":"en-GB","@id":"https:\/\/viviancarvalho.com.br\/#\/schema\/person\/image\/","url":"https:\/\/secure.gravatar.com\/avatar\/dc5da615dac36869d31ab7d2d876445b?s=96&d=mm&r=g","contentUrl":"https:\/\/secure.gravatar.com\/avatar\/dc5da615dac36869d31ab7d2d876445b?s=96&d=mm&r=g","caption":"admin"}}]}},"_links":{"self":[{"href":"https:\/\/viviancarvalho.com.br\/en\/wp-json\/wp\/v2\/posts\/1591"}],"collection":[{"href":"https:\/\/viviancarvalho.com.br\/en\/wp-json\/wp\/v2\/posts"}],"about":[{"href":"https:\/\/viviancarvalho.com.br\/en\/wp-json\/wp\/v2\/types\/post"}],"author":[{"embeddable":true,"href":"https:\/\/viviancarvalho.com.br\/en\/wp-json\/wp\/v2\/users\/1"}],"replies":[{"embeddable":true,"href":"https:\/\/viviancarvalho.com.br\/en\/wp-json\/wp\/v2\/comments?post=1591"}],"version-history":[{"count":4,"href":"https:\/\/viviancarvalho.com.br\/en\/wp-json\/wp\/v2\/posts\/1591\/revisions"}],"predecessor-version":[{"id":1770,"href":"https:\/\/viviancarvalho.com.br\/en\/wp-json\/wp\/v2\/posts\/1591\/revisions\/1770"}],"wp:featuredmedia":[{"embeddable":true,"href":"https:\/\/viviancarvalho.com.br\/en\/wp-json\/wp\/v2\/media\/1592"}],"wp:attachment":[{"href":"https:\/\/viviancarvalho.com.br\/en\/wp-json\/wp\/v2\/media?parent=1591"}],"wp:term":[{"taxonomy":"category","embeddable":true,"href":"https:\/\/viviancarvalho.com.br\/en\/wp-json\/wp\/v2\/categories?post=1591"},{"taxonomy":"post_tag","embeddable":true,"href":"https:\/\/viviancarvalho.com.br\/en\/wp-json\/wp\/v2\/tags?post=1591"}],"curies":[{"name":"wp","href":"https:\/\/api.w.org\/{rel}","templated":true}]}}